{"id":83,"date":"2025-05-31T19:05:38","date_gmt":"2025-05-31T22:05:38","guid":{"rendered":"https:\/\/abracci.org.br\/?p=83"},"modified":"2025-05-31T19:05:40","modified_gmt":"2025-05-31T22:05:40","slug":"velas-aromaticas-lembrancinhas-perfeitas-para-casamento-batizado-e-maternidade","status":"publish","type":"post","link":"https:\/\/abracci.org.br\/index.php\/2025\/05\/31\/velas-aromaticas-lembrancinhas-perfeitas-para-casamento-batizado-e-maternidade\/","title":{"rendered":"Velas Arom\u00e1ticas: Lembrancinhas Perfeitas para Casamento, Batizado e Maternidade"},"content":{"rendered":"\n<p><\/p>\n\n\n\n<p>As <a href=\"https:\/\/www.aromaleve.com.br\/velas-aromaticas-lembrancinhas\">velas arom\u00e1ticas lembrancinhas<\/a> s\u00e3o muito mais do que simples itens decorativos. Elas trazem aconchego, beleza e uma atmosfera especial para qualquer ambiente. Por isso, t\u00eam se tornado uma escolha popular como lembrancinhas em eventos especiais, como <strong>casamentos, batizados e ch\u00e1s de maternidade<\/strong>. Neste artigo, vamos explorar como as velas arom\u00e1ticas podem ser a op\u00e7\u00e3o ideal para presentear seus convidados e deixar mem\u00f3rias inesquec\u00edveis.<\/p>\n\n\n\n<figure class=\"wp-block-image\"><a href=\"https:\/\/www.aromaleve.com.br\/velas-aromaticas-lembrancinhas\/\"><img src=\"https:\/\/img.elo7.com.br\/product\/600x380\/4FEB5E8\/velas-para-lembranca-velas.jpg\" alt=\"Velas para Lembran\u00e7a\"\/><\/a><\/figure>\n\n\n\n<h3>Velas Arom\u00e1ticas para Casamento<\/h3>\n\n\n\n<p>O casamento \u00e9 um momento \u00fanico e cheio de significados. As velas arom\u00e1ticas podem ser uma lembrancinha sofisticada e \u00fatil para os convidados. Escolha fragr\u00e2ncias que remetam ao clima do evento, como lavanda (para relaxamento), baunilha (para um aroma doce e acolhedor) ou rosas (para um toque rom\u00e2ntico). Personalize as embalagens com o nome dos noivos e a data do casamento, criando um item memor\u00e1vel que os convidados v\u00e3o adorar levar para casa.<\/p>\n\n\n\n<p>Al\u00e9m disso, as velas arom\u00e1ticas podem ser usadas como parte da decora\u00e7\u00e3o do casamento, criando um ambiente rom\u00e2ntico e elegante. Elas podem ser dispostas em mesas, corredores ou at\u00e9 mesmo como centro de mesa, combinando com o tema do evento.<\/p>\n\n\n\n<h3>Velas Arom\u00e1ticas para Batizado<\/h3>\n\n\n\n<p>O batizado \u00e9 uma celebra\u00e7\u00e3o cheia de simbolismo e alegria. As velas arom\u00e1ticas podem ser uma lembrancinha delicada e significativa para marcar esse momento t\u00e3o especial. Opte por fragr\u00e2ncias suaves, como camomila ou flor de laranjeira, que transmitem paz e tranquilidade.<\/p>\n\n\n\n<p>Para deixar a lembrancinha ainda mais personalizada, voc\u00ea pode incluir uma mensagem de agradecimento ou uma frase b\u00edblica na embalagem. As velas tamb\u00e9m podem ser usadas durante a cerim\u00f4nia, simbolizando a luz de Cristo e a f\u00e9 da fam\u00edlia.<\/p>\n\n\n\n<h3>Velas Arom\u00e1ticas para Ch\u00e1 de Maternidade<\/h3>\n\n\n\n<p>O ch\u00e1 de maternidade \u00e9 uma ocasi\u00e3o especial para celebrar a chegada de um novo beb\u00ea. As velas arom\u00e1ticas podem ser uma lembrancinha encantadora para as mam\u00e3es e convidadas. Escolha fragr\u00e2ncias relaxantes, como lavanda ou baunilha, que ajudam a criar um ambiente calmo e acolhedor \u2013 perfeito para os momentos de descanso ap\u00f3s o nascimento do beb\u00ea.<\/p>\n\n\n\n<p>Al\u00e9m disso, as velas podem ser personalizadas com temas de beb\u00ea, como nuvens, estrelas ou ursinhos, e acompanhadas de uma mensagem carinhosa. Essa lembrancinha ser\u00e1 um presente \u00fatil e cheio de significado para todas as convidadas.<\/p>\n\n\n\n<h3>Por Que Escolher Velas Arom\u00e1ticas como Lembrancinha?<\/h3>\n\n\n\n<ul><li><strong>Praticidade<\/strong>: As velas arom\u00e1ticas s\u00e3o itens \u00fateis e que agradam a todos.<\/li><li><strong>Personaliza\u00e7\u00e3o<\/strong>: Podem ser adaptadas para qualquer tema ou ocasi\u00e3o.<\/li><li><strong>Durabilidade<\/strong>: Diferente de lembrancinhas comest\u00edveis, as velas podem ser guardadas e usadas por muito tempo.<\/li><li><strong>Custo-benef\u00edcio<\/strong>: Existem op\u00e7\u00f5es para todos os or\u00e7amentos, desde velas simples at\u00e9 vers\u00f5es mais luxuosas.<\/li><\/ul>\n\n\n\n<p>Se voc\u00ea est\u00e1 planejando um casamento, batizado ou ch\u00e1 de maternidade, considere as&nbsp;<strong><a title=\"velas lembrancinhas batizado\" href=\"https:\/\/www.aromaleve.com.br\/velas-lembrancinhas-batizado\">velas lembrancinhas batizado<\/a>, <a title=\"velas lembrancinhas para casamento\" href=\"https:\/\/www.aromaleve.com.br\/velas-lembrancinhas-para-casamento\">velas lembrancinhas para casamento<\/a> e <a title=\"Velas lembrancinhas maternidade\" href=\"https:\/\/www.aromaleve.com.br\/velas-lembrancinhas-maternidade\">Velas lembrancinhas maternidade<\/a> <\/strong>como lembrancinhas. Elas s\u00e3o elegantes, funcionais e deixar\u00e3o uma mem\u00f3ria olfativa marcante em seus convidados.<\/p>\n","protected":false},"excerpt":{"rendered":"<p>As velas arom\u00e1ticas lembrancinhas s\u00e3o muito mais do que simples itens decorativos. Elas trazem aconchego, beleza e uma atmosfera especial para qualquer ambiente. Por isso, t\u00eam se tornado uma escolha popular como lembrancinhas em eventos especiais, como casamentos, batizados e ch\u00e1s de maternidade. Neste artigo, vamos explorar como as velas arom\u00e1ticas podem ser a op\u00e7\u00e3o [&hellip;]<\/p>\n","protected":false},"author":1,"featured_media":0,"comment_status":"open","ping_status":"open","sticky":false,"template":"","format":"standard","meta":{"om_disable_all_campaigns":false,"_monsterinsights_skip_tracking":false,"_monsterinsights_sitenote_active":false,"_monsterinsights_sitenote_note":"","_monsterinsights_sitenote_category":0},"categories":[1],"tags":[],"aioseo_notices":[],"_links":{"self":[{"href":"https:\/\/abracci.org.br\/index.php\/wp-json\/wp\/v2\/posts\/83"}],"collection":[{"href":"https:\/\/abracci.org.br\/index.php\/wp-json\/wp\/v2\/posts"}],"about":[{"href":"https:\/\/abracci.org.br\/index.php\/wp-json\/wp\/v2\/types\/post"}],"author":[{"embeddable":true,"href":"https:\/\/abracci.org.br\/index.php\/wp-json\/wp\/v2\/users\/1"}],"replies":[{"embeddable":true,"href":"https:\/\/abracci.org.br\/index.php\/wp-json\/wp\/v2\/comments?post=83"}],"version-history":[{"count":1,"href":"https:\/\/abracci.org.br\/index.php\/wp-json\/wp\/v2\/posts\/83\/revisions"}],"predecessor-version":[{"id":84,"href":"https:\/\/abracci.org.br\/index.php\/wp-json\/wp\/v2\/posts\/83\/revisions\/84"}],"wp:attachment":[{"href":"https:\/\/abracci.org.br\/index.php\/wp-json\/wp\/v2\/media?parent=83"}],"wp:term":[{"taxonomy":"category","embeddable":true,"href":"https:\/\/abracci.org.br\/index.php\/wp-json\/wp\/v2\/categories?post=83"},{"taxonomy":"post_tag","embeddable":true,"href":"https:\/\/abracci.org.br\/index.php\/wp-json\/wp\/v2\/tags?post=83"}],"curies":[{"name":"wp","href":"https:\/\/api.w.org\/{rel}","templated":true}]}}