{"id":79,"date":"2023-12-26T17:53:19","date_gmt":"2023-12-26T20:53:19","guid":{"rendered":"https:\/\/abracci.org.br\/?p=79"},"modified":"2023-12-26T17:53:24","modified_gmt":"2023-12-26T20:53:24","slug":"aroma-leve-na-sua-casa","status":"publish","type":"post","link":"https:\/\/abracci.org.br\/index.php\/2023\/12\/26\/aroma-leve-na-sua-casa\/","title":{"rendered":"Aroma Leve na sua casa"},"content":{"rendered":"\n<p>Normalmente, marcas como a Aroma Leve, especializadas em aromaterapia, cuidados pessoais e produtos relacionados ao bem-estar, podem oferecer uma variedade de categorias, tais como:<\/p>\n\n\n\n<ul><li><strong>\u00d3leos Essenciais<\/strong>: Uma gama de \u00f3leos essenciais puros ou misturas para uso em aromaterapia, cada um com propriedades terap\u00eauticas espec\u00edficas.<\/li><li><a href=\"https:\/\/www.aromaleve.com.br\/difusor-de-varetas\"><strong>Difusor de Aroma<\/strong><\/a>: Oferta de difusores de diferentes tipos, como ultrass\u00f4nicos, evaporativos ou cer\u00e2micos, para espalhar os aromas dos \u00f3leos essenciais no ambiente.<\/li><li><a href=\"https:\/\/www.aromaleve.com.br\/vela-aromatica\"><strong>Vela Arom\u00e1tica<\/strong><\/a>: Diversidade de velas com aromas variados, feitas com \u00f3leos essenciais, para criar ambientes acolhedores e relaxantes.<\/li><li><strong>Produtos de Bem-Estar<\/strong>: Itens como sais de banho, sprays arom\u00e1ticos para ambientes, almofadas de ervas, entre outros, para promover o relaxamento e o bem-estar.<\/li><li><strong>Cuidados Pessoais e para casa<\/strong>: Linha de produtos para cuidados com a pele, cabelo e corpo, formulados com ingredientes naturais e \u00f3leos essenciais, <a href=\"https:\/\/www.aromaleve.com.br\/home-spray\">home spray<\/a> e <a href=\"https:\/\/www.aromaleve.com.br\/agua-perfumada\">\u00e1gua de len\u00e7\u00f3is<\/a>.<\/li><\/ul>\n\n\n\n<p>A marca Aroma Leve pode ser reconhecida por sua \u00eanfase na qualidade dos ingredientes, no respeito ao meio ambiente e no compromisso com o bem-estar geral de seus consumidores. Recomendo visitar o site oficial da marca ou entrar em contato diretamente com eles para obter informa\u00e7\u00f5es atualizadas e detalhadas sobre suas categorias de produtos e valores como empresa.<\/p>\n\n\n\n<p>https:\/\/www.aromaleve.com.br\/<\/p>\n","protected":false},"excerpt":{"rendered":"<p>Normalmente, marcas como a Aroma Leve, especializadas em aromaterapia, cuidados pessoais e produtos relacionados ao bem-estar, podem oferecer uma variedade de categorias, tais como: \u00d3leos Essenciais: Uma gama de \u00f3leos essenciais puros ou misturas para uso em aromaterapia, cada um com propriedades terap\u00eauticas espec\u00edficas. Difusor de Aroma: Oferta de difusores de diferentes tipos, como ultrass\u00f4nicos, [&hellip;]<\/p>\n","protected":false},"author":1,"featured_media":0,"comment_status":"open","ping_status":"open","sticky":false,"template":"","format":"standard","meta":{"om_disable_all_campaigns":false,"_monsterinsights_skip_tracking":false,"_monsterinsights_sitenote_active":false,"_monsterinsights_sitenote_note":"","_monsterinsights_sitenote_category":0},"categories":[1],"tags":[],"aioseo_notices":[],"_links":{"self":[{"href":"https:\/\/abracci.org.br\/index.php\/wp-json\/wp\/v2\/posts\/79"}],"collection":[{"href":"https:\/\/abracci.org.br\/index.php\/wp-json\/wp\/v2\/posts"}],"about":[{"href":"https:\/\/abracci.org.br\/index.php\/wp-json\/wp\/v2\/types\/post"}],"author":[{"embeddable":true,"href":"https:\/\/abracci.org.br\/index.php\/wp-json\/wp\/v2\/users\/1"}],"replies":[{"embeddable":true,"href":"https:\/\/abracci.org.br\/index.php\/wp-json\/wp\/v2\/comments?post=79"}],"version-history":[{"count":1,"href":"https:\/\/abracci.org.br\/index.php\/wp-json\/wp\/v2\/posts\/79\/revisions"}],"predecessor-version":[{"id":80,"href":"https:\/\/abracci.org.br\/index.php\/wp-json\/wp\/v2\/posts\/79\/revisions\/80"}],"wp:attachment":[{"href":"https:\/\/abracci.org.br\/index.php\/wp-json\/wp\/v2\/media?parent=79"}],"wp:term":[{"taxonomy":"category","embeddable":true,"href":"https:\/\/abracci.org.br\/index.php\/wp-json\/wp\/v2\/categories?post=79"},{"taxonomy":"post_tag","embeddable":true,"href":"https:\/\/abracci.org.br\/index.php\/wp-json\/wp\/v2\/tags?post=79"}],"curies":[{"name":"wp","href":"https:\/\/api.w.org\/{rel}","templated":true}]}}