{"id":43,"date":"2021-04-16T22:34:49","date_gmt":"2021-04-17T01:34:49","guid":{"rendered":"http:\/\/abracci.org.br\/?p=43"},"modified":"2021-04-16T22:34:50","modified_gmt":"2021-04-17T01:34:50","slug":"quando-um-acidente-e-um-crime-e-quando-os-pais-devem-ser-responsabilizados","status":"publish","type":"post","link":"https:\/\/abracci.org.br\/index.php\/2021\/04\/16\/quando-um-acidente-e-um-crime-e-quando-os-pais-devem-ser-responsabilizados\/","title":{"rendered":"Quando um acidente \u00e9 um crime e quando os pais devem ser responsabilizados?"},"content":{"rendered":"\n<div class=\"wp-block-image\"><figure class=\"aligncenter size-large\"><img loading=\"lazy\" width=\"1024\" height=\"576\" src=\"https:\/\/abracci.org.br\/wp-content\/uploads\/2021\/04\/pais-acusados-acidente1-1024x576.jpg\" alt=\"\" class=\"wp-image-44\" srcset=\"https:\/\/abracci.org.br\/wp-content\/uploads\/2021\/04\/pais-acusados-acidente1-1024x576.jpg 1024w, https:\/\/abracci.org.br\/wp-content\/uploads\/2021\/04\/pais-acusados-acidente1-300x169.jpg 300w, https:\/\/abracci.org.br\/wp-content\/uploads\/2021\/04\/pais-acusados-acidente1-768x432.jpg 768w, https:\/\/abracci.org.br\/wp-content\/uploads\/2021\/04\/pais-acusados-acidente1.jpg 1040w\" sizes=\"(max-width: 1024px) 100vw, 1024px\" \/><\/figure><\/div>\n\n\n\n<p>O Sistema de Consulta e Notifica\u00e7\u00e3o de Estat\u00edsticas de Danos baseado na Web (WISQARS) do CDC lista les\u00f5es n\u00e3o intencionais (acidentes) como a principal causa de morte de crian\u00e7as e adolescentes na maioria das faixas et\u00e1rias.<\/p>\n\n\n\n<p>A \u00fanica exce\u00e7\u00e3o \u00e9 para crian\u00e7as menores de 12 meses, para as quais os acidentes s\u00e3o a 5\u00aa principal causa de morte. Nesta idade, anomalias cong\u00eanitas, parto prematuro, complica\u00e7\u00f5es da gravidez materna e SIDS classificam-se acima dos acidentes como causa de morte. Ainda assim, 1.168 beb\u00eas com menos de 12 meses morreram por causa de acidentes em 2018.<\/p>\n\n\n\n<h2>Um Crime vs. Um Acidente<\/h2>\n\n\n\n<p>Mas quando uma les\u00e3o n\u00e3o intencional, como um acidente de carro, afogamento,queda ou acidente de tiro \u00e9 um crime e n\u00e3o apenas um acidente?<\/p>\n\n\n\n<p>Quando esses incidentes s\u00e3o relatados, eles geralmente s\u00e3o descritos como acidentes tr\u00e1gicos. N\u00e3o \u00e9 sempre que voc\u00ea ouve sobre um pai sendo acusado de um crime. Mas acontece.<\/p>\n\n\n\n<p>Um incidente famoso envolveu Raquel Nelson de Marietta, Ge\u00f3rgia. Seu filho de 4 anos foi atropelado e morto enquanto ela atravessava no meio de uma rua movimentada \u00e0 noite com seus tr\u00eas filhos. Eles tinham acabado de descer de um \u00f4nibus da cidade e estavam atravessando com outras pessoas, como a faixa de pedestres mais pr\u00f3xima a um ter\u00e7o de uma milha de dist\u00e2ncia e seu complexo de apartamentos estava do outro lado da rua do ponto de \u00f4nibus.<\/p>\n\n\n\n<p>Raquel Nelson foi inicialmente acusada de conduta imprudente, atravessando uma estrada fora de uma faixa de pedestres, e homic\u00eddio culposo veicular em segundo grau, o que a colocou em risco por tr\u00eas anos de pris\u00e3o total. Enquanto isso, Jerry Guy, o motorista do carro, foi acusado de atropelamento e fuga e passou seis meses na cadeia.<\/p>\n\n\n\n<p>O caso foi objeto de muita controv\u00e9rsia. Algumas pessoas ficaram indignadas que a m\u00e3e que perdeu seu filho poderia cumprir mais tempo de pris\u00e3o do que o motorista que havia bebido no in\u00edcio do dia e matado seu filho. Outros grupos, como o NAACP, criticaram o fato de que poucos membros do j\u00fari branco, de classe m\u00e9dia, tinham usado o transporte p\u00fablico e provavelmente n\u00e3o entendiam as escolhas de Nelson como uma m\u00e3e solteira negra caminhando tr\u00eas crian\u00e7as para casa \u00e0 noite.<\/p>\n\n\n\n<p>Como as acusa\u00e7\u00f5es de Raquel Nelson eram todas contraven\u00e7\u00f5es, o tribunal foi autorizado a exercer discri\u00e7\u00e3o na senten\u00e7a. Depois de anos de batalhas legais, Nelson fez um acordo com o Escrit\u00f3rio do Procurador do Condado de Cobb. Ela n\u00e3o contestou a acusa\u00e7\u00e3o de jaywalking e pagou uma multa de 200 d\u00f3lares, e as outras acusa\u00e7\u00f5es foram retiradas.<\/p>\n\n\n\n<p>Um caso em Antioquia, Calif\u00f3rnia tamb\u00e9m resultou em uma senten\u00e7a mais branda a crit\u00e9rio do juiz. Lindsey Ann Isch pegou quatro anos de liberdade condicional e servi\u00e7o comunit\u00e1rio, em vez de pris\u00e3o, depois de ser condenada por homic\u00eddio culposo enquanto estava embriagada, dirigindo embriagada causando ferimentos, e amea\u00e7a de crian\u00e7a depois que ela se envolveu em um acidente que matou seu filho de 1 ano em 2009.<\/p>\n\n\n\n<h2>Homem rompe tela de prote\u00e7\u00e3o e mata fam\u00edlia<\/h2>\n\n\n\n<p>Outro caso emblem\u00e1tico ocorreu na Barra da Tijuca, no Rio de Janeiro. Um pai de fam\u00edlia, ao se deparar com um crise financeira resolveu encerrar de forma dram\u00e1tica a vida de sua esposa e a de seus 2 filhos.<\/p>\n\n\n\n<p>Ele simplesmente assassinou a mulher e, ap\u00f3s isso, cortou <a href=\"https:\/\/melhordorio.com\/rede-protecao-rj\/\">a tela de prote\u00e7\u00e3o no Rio de Janeiro<\/a> e se jogou com as 2 crian\u00e7as (que eram seus filhos).<\/p>\n\n\n\n<p>O caso pode ser melhor entendido e visto <a href=\"https:\/\/noticias.r7.com\/rio-de-janeiro\/homem-mata-mulher-e-se-joga-de-janela-de-predio-com-filhos-em-condominio-na-barra-da-tijuca-29082016\">nesse site aqui<\/a>.<\/p>\n\n\n\n<p>Nesse caso ele al\u00e9m de cometer crimes, ele cometeu suic\u00eddio, o que o torna mais covarde ainda!<\/p>\n\n\n\n<h2>Outras Acusa\u00e7\u00f5es<\/h2>\n\n\n\n<p>Houve muitas outras acusa\u00e7\u00f5es contra m\u00e3es associadas a crian\u00e7as em carros quentes, embora estas n\u00e3o tenham recebido tanta aten\u00e7\u00e3o quanto o caso Raquel Nelson.<\/p>\n\n\n\n<p>Mas n\u00e3o s\u00e3o s\u00f3 as m\u00e3es que s\u00e3o acusadas. O pai e o padrasto de um menino de 4 anos que se afogou em Wyoming foram acusados de homic\u00eddio qualificado depois que sua canoa caiu e capotou. Al\u00e9m de beber, os homens tinham sido avisados sobre a canoagem no rio de corrida r\u00e1pida.<\/p>\n\n\n\n<p>Alguns desses casos destacam uma diferen\u00e7a importante entre um acidente e um crime. As duas m\u00e3es que estavam fazendo compras intencionalmente deixaram seus filhos, um que tinha apenas 4 semanas de idade, em um carro quente com as janelas para cima e o ar condicionado desligado. Eles sabiam que seus filhos estavam no carro e deveriam saber que estavam em risco pelo calor. Os homens na canoa estavam bebendo \u00e1lcool e ignoraram um aviso.<\/p>\n\n\n\n<p>E o caso na Virg\u00ednia? Neste caso, tamb\u00e9m, parece haver algumas circunst\u00e2ncias extras que poderiam ser relevantes. Parece que ela j\u00e1 havia deixado seu filho no carro fora do trabalho em janeiro, mas ele foi descoberto cerca de meia hora depois quando seu provedor de creche ligou para perguntar se ele viria naquele dia.<\/p>\n\n\n\n<p>E os dois casos no sul do Texas? As acusa\u00e7\u00f5es parecem estar relacionadas com o fato de que as m\u00e3es perderam o controle de seus filhos por v\u00e1rias horas. Um argumento semelhante foi usado pelo promotor p\u00fablico em Las Vegas, onde uma m\u00e3e foi recentemente condenada a 24 a 60 meses depois que seu filho de 2 anos se afogou em uma piscina de quintal, dizendo que &#8220;um acidente \u00e9 quando uma m\u00e3e perde o controle de uma crian\u00e7a por cinco minutos, n\u00e3o cinco horas&#8221;.<\/p>\n\n\n\n<p>Mas leva muito menos de cinco minutos para uma crian\u00e7a se afogar, cair de uma janela, ou encontrar uma arma trancada, ent\u00e3o por que isso deveria ser crit\u00e9rio para saber se um acidente \u00e9 causado por neglig\u00eancia?<\/p>\n\n\n\n<h3>neglig\u00eancia<\/h3>\n\n\n\n<p>Esses casos levantam muitas quest\u00f5es. Por que alguns pais s\u00e3o acusados de crimes ap\u00f3s acidentes quando muitos outros n\u00e3o s\u00e3o? Por que apenas alguns tipos de acidentes parecem desencadear acusa\u00e7\u00f5es? Qual \u00e9 o ponto de acusar os pais de um crime ap\u00f3s um acidente?<\/p>\n\n\n\n<p>A neglig\u00eancia, tipicamente definida como &#8220;falha em exercer o cuidado que uma pessoa razoavelmente prudente exerceria em circunst\u00e2ncias semelhantes&#8221;, \u00e9 um dos fatores que s\u00e3o tipicamente usados para determinar se algo \u00e9 mais do que um simples acidente.3 Infelizmente, as pessoas t\u00eam ideias diferentes do que \u00e9 neglig\u00eancia. Muitos pais acham negligente ter uma piscina sem cerca em torno dela ou ter uma arma carregada na casa, enquanto outros n\u00e3o pensam duas vezes sobre esses perigos.<\/p>\n\n\n\n<p>A discuss\u00e3o maior, por\u00e9m, provavelmente deve ser sobre como reduzir esses acidentes e trag\u00e9dias. Espalhe a palavra sobre a seguran\u00e7a de armas, a transa\u00e7\u00e3o de carros para que as crian\u00e7as n\u00e3o possam entrar e morrer no calor, a import\u00e2ncia de a prova de crian\u00e7as na casa e na piscina, usar protetores de janelas, e ter crian\u00e7as usando coletes salva-vidas aprovados pela Guarda Costeira quando est\u00e3o perto da \u00e1gua e n\u00e3o sabem nadar, etc.<\/p>\n","protected":false},"excerpt":{"rendered":"<p>O Sistema de Consulta e Notifica\u00e7\u00e3o de Estat\u00edsticas de Danos baseado na Web (WISQARS) do CDC lista les\u00f5es n\u00e3o intencionais (acidentes) como a principal causa de morte de crian\u00e7as e adolescentes na maioria das faixas et\u00e1rias. A \u00fanica exce\u00e7\u00e3o \u00e9 para crian\u00e7as menores de 12 meses, para as quais os acidentes s\u00e3o a 5\u00aa principal [&hellip;]<\/p>\n","protected":false},"author":1,"featured_media":0,"comment_status":"open","ping_status":"open","sticky":false,"template":"","format":"standard","meta":{"om_disable_all_campaigns":false,"_monsterinsights_skip_tracking":false,"_monsterinsights_sitenote_active":false,"_monsterinsights_sitenote_note":"","_monsterinsights_sitenote_category":0},"categories":[1],"tags":[],"aioseo_notices":[],"_links":{"self":[{"href":"https:\/\/abracci.org.br\/index.php\/wp-json\/wp\/v2\/posts\/43"}],"collection":[{"href":"https:\/\/abracci.org.br\/index.php\/wp-json\/wp\/v2\/posts"}],"about":[{"href":"https:\/\/abracci.org.br\/index.php\/wp-json\/wp\/v2\/types\/post"}],"author":[{"embeddable":true,"href":"https:\/\/abracci.org.br\/index.php\/wp-json\/wp\/v2\/users\/1"}],"replies":[{"embeddable":true,"href":"https:\/\/abracci.org.br\/index.php\/wp-json\/wp\/v2\/comments?post=43"}],"version-history":[{"count":1,"href":"https:\/\/abracci.org.br\/index.php\/wp-json\/wp\/v2\/posts\/43\/revisions"}],"predecessor-version":[{"id":45,"href":"https:\/\/abracci.org.br\/index.php\/wp-json\/wp\/v2\/posts\/43\/revisions\/45"}],"wp:attachment":[{"href":"https:\/\/abracci.org.br\/index.php\/wp-json\/wp\/v2\/media?parent=43"}],"wp:term":[{"taxonomy":"category","embeddable":true,"href":"https:\/\/abracci.org.br\/index.php\/wp-json\/wp\/v2\/categories?post=43"},{"taxonomy":"post_tag","embeddable":true,"href":"https:\/\/abracci.org.br\/index.php\/wp-json\/wp\/v2\/tags?post=43"}],"curies":[{"name":"wp","href":"https:\/\/api.w.org\/{rel}","templated":true}]}}