{"id":39,"date":"2021-04-12T16:22:18","date_gmt":"2021-04-12T19:22:18","guid":{"rendered":"http:\/\/abracci.org.br\/?p=39"},"modified":"2021-04-12T16:22:19","modified_gmt":"2021-04-12T19:22:19","slug":"minirreforma-eleitoral-a-abracci-diz-nao","status":"publish","type":"post","link":"https:\/\/abracci.org.br\/index.php\/2021\/04\/12\/minirreforma-eleitoral-a-abracci-diz-nao\/","title":{"rendered":"MINIRREFORMA ELEITORAL: A ABRACCI DIZ N\u00c3O!"},"content":{"rendered":"\n<p>12\/08\/2013MINIRREFORMA ELEITORAL: A ABRACCI DIZ N\u00c3O!<\/p>\n\n\n\n<figure class=\"wp-block-image\"><img src=\"https:\/\/web.archive.org\/web\/20160422061137im_\/https:\/\/abracci.org.br\/noticias_arquivos\/noticias\/1_12_08_2013_084058.jpg\" alt=\"\"\/><\/figure>\n\n\n\n<p>MAIS UMA VEZ NOSSOS PARLAMENTARES VIRAM AS COSTAS PARA OS CIDAD\u00c3OS ELEITORES<br><br>Est\u00e1 em tramita\u00e7\u00e3o, no Congresso Nacional, um projeto de chamado de &#8220;minirreforma eleitoral&#8221;. A ABRACCI &#8211; Articula\u00e7\u00e3o Brasileira Contra a Corrup\u00e7\u00e3o e a Impunidade &#8211; vem expressar seu rep\u00fadio em rela\u00e7\u00e3o a este projeto, que significa um verdadeiro retrocesso para o regime democr\u00e1tico brasileiro e para a luta contra a corrup\u00e7\u00e3o e a impunidade. Nossos pol\u00edticos (parecem insistir) insistem em n\u00e3o escutar as vozes das ruas.<br><br>A proposta em discuss\u00e3o, que foi apresentada pelo deputado Il\u00e1rio Marques (PT-CE) e elaborada por um grupo de trabalho liderado pelo deputado C\u00e2ndido Vaccarezza (PT-SP), ser\u00e1 votada em Plen\u00e1rio nas pr\u00f3ximas semanas. O Projeto n\u00e3o corrige de forma alguma as distor\u00e7\u00f5es do sistema pol\u00edtico e ainda atenta contra a Lei da Ficha Limpa, autorizando a candidatura de quem teve as contas rejeitadas pela Justi\u00e7a Eleitoral. O texto reduz os mecanismos de controle e a transpar\u00eancia do processo eleitoral, \u00e9 tolerante com a corrup\u00e7\u00e3o e favorece o abuso do poder econ\u00f4mico. Tal proposta foi formulada sem transpar\u00eancia e sem qualquer participa\u00e7\u00e3o da sociedade civil que deixou claro querer participar diretamente e ser informada. Os parlamentares v\u00e3o na (contra-m\u00e3o) contram\u00e3o do que pede a sociedade ao aprovarem esse projeto.<br><br>A ABRACCI \u00e9 contra esta proposta e convida as organiza\u00e7\u00f5es da sociedade civil e todos os cidad\u00e3os e cidad\u00e3s a se manifestarem contra o Projeto de Lei 5735\/2013, a &#8220;minirreforma eleitoral&#8221;, e pressionarem os parlamentares para rejeitarem a proposta e votarem contra.<br><br>Uma verdadeira reforma pol\u00edtica s\u00f3 \u00e9 poss\u00edvel com transpar\u00eancia, \u00e9tica e participa\u00e7\u00e3o da sociedade.<br><br><strong>ABRACCI &#8211; Articula\u00e7\u00e3o Brasileira Contra a Corrup\u00e7\u00e3o e a Impunidade<\/strong><br><strong><br>Sobre o PL 5735\/2013<\/strong><br>Texto na \u00edntegra:&nbsp;<a href=\"https:\/\/web.archive.org\/web\/20160422061137\/http:\/\/migre.me\/fGl9H\">http:\/\/migre.me\/fGl9H<\/a><br>O que muda:&nbsp;<a href=\"https:\/\/web.archive.org\/web\/20160422061137\/http:\/\/f.i.uol.com.br\/folha\/poder\/images\/13212735.png\">http:\/\/f.i.uol.com.br\/folha\/poder\/images\/13212735.png<\/a><br><br><strong>Sobre a ABRACCI<\/strong><br>A Articula\u00e7\u00e3o Brasileira contra a Corrup\u00e7\u00e3o e a Impunidade &#8211; ABRACCI &#8211; \u00e9 uma rede que tem a miss\u00e3o de contribuir para a constru\u00e7\u00e3o de uma cultura de n\u00e3o corrup\u00e7\u00e3o e impunidade no Brasil por meio do est\u00edmulo e da articula\u00e7\u00e3o de a\u00e7\u00f5es de institui\u00e7\u00f5es e iniciativas com vistas a uma sociedade justa, democr\u00e1tica e solid\u00e1ria.<br><br>A ABRACCI foi criada em janeiro de 2009 durante as atividades do F\u00f3rum Social Mundial com o apoio da Transpar\u00eancia Internacional e atualmente congrega quase uma centena de organiza\u00e7\u00f5es da sociedade civil integradas na luta contra a corrup\u00e7\u00e3o e impunidade no Brasil e na promo\u00e7\u00e3o de uma cultura de transpar\u00eancia e integridade.<br><strong><br>Mais informa\u00e7\u00f5es<\/strong><br><a href=\"https:\/\/web.archive.org\/web\/20160422061137\/http:\/\/www.abracci.org.br%20\/\">www.abracci.org.br<\/a><br><a href=\"https:\/\/web.archive.org\/web\/20160422061137\/http:\/\/www.facebook.com\/redeabracci\">www.facebook.com\/redeabracci<\/a><br><br><strong>Informa\u00e7\u00f5es para imprensa<\/strong><br>Secretaria Executiva da ABRACCI<br>Nicole Verillo &#8211; nicoleverillo@amarribo.org.br<\/p>\n","protected":false},"excerpt":{"rendered":"<p>12\/08\/2013MINIRREFORMA ELEITORAL: A ABRACCI DIZ N\u00c3O! MAIS UMA VEZ NOSSOS PARLAMENTARES VIRAM AS COSTAS PARA OS CIDAD\u00c3OS ELEITORES Est\u00e1 em tramita\u00e7\u00e3o, no Congresso Nacional, um projeto de chamado de &#8220;minirreforma eleitoral&#8221;. A ABRACCI &#8211; Articula\u00e7\u00e3o Brasileira Contra a Corrup\u00e7\u00e3o e a Impunidade &#8211; vem expressar seu rep\u00fadio em rela\u00e7\u00e3o a este projeto, que significa um [&hellip;]<\/p>\n","protected":false},"author":1,"featured_media":0,"comment_status":"open","ping_status":"open","sticky":false,"template":"","format":"standard","meta":{"om_disable_all_campaigns":false,"_monsterinsights_skip_tracking":false,"_monsterinsights_sitenote_active":false,"_monsterinsights_sitenote_note":"","_monsterinsights_sitenote_category":0},"categories":[1],"tags":[],"aioseo_notices":[],"_links":{"self":[{"href":"https:\/\/abracci.org.br\/index.php\/wp-json\/wp\/v2\/posts\/39"}],"collection":[{"href":"https:\/\/abracci.org.br\/index.php\/wp-json\/wp\/v2\/posts"}],"about":[{"href":"https:\/\/abracci.org.br\/index.php\/wp-json\/wp\/v2\/types\/post"}],"author":[{"embeddable":true,"href":"https:\/\/abracci.org.br\/index.php\/wp-json\/wp\/v2\/users\/1"}],"replies":[{"embeddable":true,"href":"https:\/\/abracci.org.br\/index.php\/wp-json\/wp\/v2\/comments?post=39"}],"version-history":[{"count":1,"href":"https:\/\/abracci.org.br\/index.php\/wp-json\/wp\/v2\/posts\/39\/revisions"}],"predecessor-version":[{"id":40,"href":"https:\/\/abracci.org.br\/index.php\/wp-json\/wp\/v2\/posts\/39\/revisions\/40"}],"wp:attachment":[{"href":"https:\/\/abracci.org.br\/index.php\/wp-json\/wp\/v2\/media?parent=39"}],"wp:term":[{"taxonomy":"category","embeddable":true,"href":"https:\/\/abracci.org.br\/index.php\/wp-json\/wp\/v2\/categories?post=39"},{"taxonomy":"post_tag","embeddable":true,"href":"https:\/\/abracci.org.br\/index.php\/wp-json\/wp\/v2\/tags?post=39"}],"curies":[{"name":"wp","href":"https:\/\/api.w.org\/{rel}","templated":true}]}}