{"id":1,"date":"2021-04-12T13:50:53","date_gmt":"2021-04-12T16:50:53","guid":{"rendered":"http:\/\/abracci.org.br\/?p=1"},"modified":"2021-04-12T16:12:31","modified_gmt":"2021-04-12T19:12:31","slug":"transparencia-continua-nao-sendo-premissa-do-funcionalismo","status":"publish","type":"post","link":"https:\/\/abracci.org.br\/index.php\/2021\/04\/12\/transparencia-continua-nao-sendo-premissa-do-funcionalismo\/","title":{"rendered":"Transpar\u00eancia continua n\u00e3o sendo premissa do funcionalismo"},"content":{"rendered":"\n<figure class=\"wp-block-image\"><img src=\"https:\/\/web.archive.org\/web\/20160422054214im_\/https:\/\/abracci.org.br\/noticias_arquivos\/noticias\/1_07_05_2013_221322.jpg\" alt=\"\"\/><\/figure>\n\n\n\n<p>\u00c0s v\u00e9speras de completar um ano de vig\u00eancia, a Lei de Acesso \u00e0 Informa\u00e7\u00e3o aponta para in\u00fameros desafios a serem superados. Cerca da metade dos Estados e a vasta maioria dos munic\u00edpios ainda n\u00e3o adotaram as regula\u00e7\u00f5es previstas por ela.<\/p>\n\n\n\n<p>Mesmo na esfera federal, onde os avan\u00e7os s\u00e3o mais vis\u00edveis, a pr\u00e1tica mostra que a transpar\u00eancia continua n\u00e3o sendo uma premissa do funcionalismo &#8211;embora seja essa a proposta da lei.<\/p>\n\n\n\n<p>Pedidos de informa\u00e7\u00f5es b\u00e1sicas e p\u00fablicas continuam a ser respondidos com quest\u00f5es sobre a motiva\u00e7\u00e3o do requerente e o uso pretendido para os dados. H\u00e1 at\u00e9 solicita\u00e7\u00e3o de pagamento para a entrega das informa\u00e7\u00f5es.<\/p>\n\n\n\n<p>A resist\u00eancia na divulga\u00e7\u00e3o dos sal\u00e1rios de funcion\u00e1rios p\u00fablicos, por exemplo, ainda \u00e9 sintom\u00e1tica em todas as esferas do poder p\u00fablico, como aponta o levantamento realizado pela Folha.<\/p>\n\n\n\n<p>Essa resist\u00eancia mostra que, apesar da mudan\u00e7a na lei, a cultura n\u00e3o mudou.<\/p>\n\n\n\n<p>Muitos funcion\u00e1rios receberam a norma com abertura, mas tamb\u00e9m s\u00e3o muitos os que se negam a ver o acesso \u00e0 informa\u00e7\u00e3o como um direito de que cada um \u00e9 titular.<\/p>\n\n\n\n<p>O pagamento de servidores \u00e9 uma informa\u00e7\u00e3o que diz respeito a todos e, nesse caso, o interesse p\u00fablico se sobressai ao direito \u00e0 privacidade.<\/p>\n\n\n\n<p>Isso porque o funcion\u00e1rio publico, ao assumir o posto, deve aceitar que estar\u00e1 mais sujeito ao escrut\u00ednio da sociedade e deve prestar contas sobre suas atividades. Al\u00e9m disso, a divulga\u00e7\u00e3o dessas informa\u00e7\u00f5es \u00e9 important\u00edssima para o combate \u00e0 corrup\u00e7\u00e3o.<\/p>\n\n\n\n<p>Al\u00e9m da resist\u00eancia, a aus\u00eancia de um \u00f3rg\u00e3o unificado e especializado para implementar e fiscalizar a Lei de Acesso continua sendo um desafio. Algumas decis\u00f5es do Supremo Tribunal Federal, no entanto, parecem apontar que o Judici\u00e1rio cumprir\u00e1 seu papel e far\u00e1 valer o direito de acesso \u00e0 informa\u00e7\u00e3o.<\/p>\n\n\n\n<p>Por&nbsp;<strong>PAULA MARTINS<\/strong>, diretora da ONG Artigo 19 Am\u00e9rica do Sul.<\/p>\n\n\n\n<p>Fonte: Folha de S\u00e3o Paulo<\/p>\n","protected":false},"excerpt":{"rendered":"<p>\u00c0s v\u00e9speras de completar um ano de vig\u00eancia, a Lei de Acesso \u00e0 Informa\u00e7\u00e3o aponta para in\u00fameros desafios a serem superados. Cerca da metade dos Estados e a vasta maioria dos munic\u00edpios ainda n\u00e3o adotaram as regula\u00e7\u00f5es previstas por ela. Mesmo na esfera federal, onde os avan\u00e7os s\u00e3o mais vis\u00edveis, a pr\u00e1tica mostra que a [&hellip;]<\/p>\n","protected":false},"author":1,"featured_media":0,"comment_status":"open","ping_status":"open","sticky":false,"template":"","format":"standard","meta":{"om_disable_all_campaigns":false,"_monsterinsights_skip_tracking":false,"_monsterinsights_sitenote_active":false,"_monsterinsights_sitenote_note":"","_monsterinsights_sitenote_category":0},"categories":[1],"tags":[],"aioseo_notices":[],"_links":{"self":[{"href":"https:\/\/abracci.org.br\/index.php\/wp-json\/wp\/v2\/posts\/1"}],"collection":[{"href":"https:\/\/abracci.org.br\/index.php\/wp-json\/wp\/v2\/posts"}],"about":[{"href":"https:\/\/abracci.org.br\/index.php\/wp-json\/wp\/v2\/types\/post"}],"author":[{"embeddable":true,"href":"https:\/\/abracci.org.br\/index.php\/wp-json\/wp\/v2\/users\/1"}],"replies":[{"embeddable":true,"href":"https:\/\/abracci.org.br\/index.php\/wp-json\/wp\/v2\/comments?post=1"}],"version-history":[{"count":1,"href":"https:\/\/abracci.org.br\/index.php\/wp-json\/wp\/v2\/posts\/1\/revisions"}],"predecessor-version":[{"id":38,"href":"https:\/\/abracci.org.br\/index.php\/wp-json\/wp\/v2\/posts\/1\/revisions\/38"}],"wp:attachment":[{"href":"https:\/\/abracci.org.br\/index.php\/wp-json\/wp\/v2\/media?parent=1"}],"wp:term":[{"taxonomy":"category","embeddable":true,"href":"https:\/\/abracci.org.br\/index.php\/wp-json\/wp\/v2\/categories?post=1"},{"taxonomy":"post_tag","embeddable":true,"href":"https:\/\/abracci.org.br\/index.php\/wp-json\/wp\/v2\/tags?post=1"}],"curies":[{"name":"wp","href":"https:\/\/api.w.org\/{rel}","templated":true}]}}